{"id":6305,"date":"2026-04-22T13:12:30","date_gmt":"2026-04-22T13:12:30","guid":{"rendered":"https:\/\/montessori.edu.bo\/mont\/?p=6305"},"modified":"2026-04-22T13:12:34","modified_gmt":"2026-04-22T13:12:34","slug":"dia-del-mar-23-de-marzo","status":"publish","type":"post","link":"https:\/\/montessori.edu.bo\/mont\/?p=6305","title":{"rendered":"D\u00eda del Mar 23 de marzo"},"content":{"rendered":"\n<p>El 23 de marzo, la comunidad educativa particip\u00f3 en la conmemoraci\u00f3n del D\u00eda del Mar, a trav\u00e9s de un desfile y una hora c\u00edvica con la participaci\u00f3n de todos los niveles.<\/p>\n\n\n\n<p>En esta ocasi\u00f3n, los estudiantes de 4\u00b0 de Primaria estuvieron a cargo de las presentaciones centrales, preparando canciones, poes\u00edas y una dramatizaci\u00f3n relacionada con la Guerra del Pac\u00edfico.<\/p>\n\n\n\n<p>Este proceso permiti\u00f3 fortalecer habilidades como el trabajo en equipo, la responsabilidad y la expresi\u00f3n, adem\u00e1s de generar espacios de reflexi\u00f3n sobre la historia y el civismo.<\/p>\n","protected":false},"excerpt":{"rendered":"<p>El 23 de marzo, la comunidad educativa particip\u00f3 en la conmemoraci\u00f3n del D\u00eda del Mar, a trav\u00e9s de un desfile y una hora c\u00edvica con la participaci\u00f3n de todos los niveles. En esta ocasi\u00f3n, los estudiantes de 4\u00b0 de Primaria estuvieron a cargo de las presentaciones centrales, preparando canciones, poes\u00edas y una dramatizaci\u00f3n relacionada con [&hellip;]<\/p>\n","protected":false},"author":2,"featured_media":6307,"comment_status":"closed","ping_status":"closed","sticky":false,"template":"","format":"standard","meta":{"_et_pb_use_builder":"off","_et_pb_old_content":"","_et_gb_content_width":"","footnotes":""},"categories":[1],"tags":[],"class_list":["post-6305","post","type-post","status-publish","format-standard","has-post-thumbnail","hentry","category-sin-categoria"],"_links":{"self":[{"href":"https:\/\/montessori.edu.bo\/mont\/index.php?rest_route=\/wp\/v2\/posts\/6305","targetHints":{"allow":["GET"]}}],"collection":[{"href":"https:\/\/montessori.edu.bo\/mont\/index.php?rest_route=\/wp\/v2\/posts"}],"about":[{"href":"https:\/\/montessori.edu.bo\/mont\/index.php?rest_route=\/wp\/v2\/types\/post"}],"author":[{"embeddable":true,"href":"https:\/\/montessori.edu.bo\/mont\/index.php?rest_route=\/wp\/v2\/users\/2"}],"replies":[{"embeddable":true,"href":"https:\/\/montessori.edu.bo\/mont\/index.php?rest_route=%2Fwp%2Fv2%2Fcomments&post=6305"}],"version-history":[{"count":1,"href":"https:\/\/montessori.edu.bo\/mont\/index.php?rest_route=\/wp\/v2\/posts\/6305\/revisions"}],"predecessor-version":[{"id":6308,"href":"https:\/\/montessori.edu.bo\/mont\/index.php?rest_route=\/wp\/v2\/posts\/6305\/revisions\/6308"}],"wp:featuredmedia":[{"embeddable":true,"href":"https:\/\/montessori.edu.bo\/mont\/index.php?rest_route=\/wp\/v2\/media\/6307"}],"wp:attachment":[{"href":"https:\/\/montessori.edu.bo\/mont\/index.php?rest_route=%2Fwp%2Fv2%2Fmedia&parent=6305"}],"wp:term":[{"taxonomy":"category","embeddable":true,"href":"https:\/\/montessori.edu.bo\/mont\/index.php?rest_route=%2Fwp%2Fv2%2Fcategories&post=6305"},{"taxonomy":"post_tag","embeddable":true,"href":"https:\/\/montessori.edu.bo\/mont\/index.php?rest_route=%2Fwp%2Fv2%2Ftags&post=6305"}],"curies":[{"name":"wp","href":"https:\/\/api.w.org\/{rel}","templated":true}]}}